{"id":1795,"date":"2026-08-30T21:28:56","date_gmt":"2026-08-30T19:28:56","guid":{"rendered":"https:\/\/bonagro.eu\/?p=1795"},"modified":"2026-08-30T21:29:37","modified_gmt":"2026-08-30T19:29:37","slug":"publicita-projektu-programu-rozvoje-venkova","status":"publish","type":"post","link":"https:\/\/bonagro.eu\/index.php\/2026\/08\/30\/publicita-projektu-programu-rozvoje-venkova\/","title":{"rendered":"Publicita projektu Programu rozvoje venkova"},"content":{"rendered":"\n<p class=\"wp-block-paragraph\">Zve\u0159ej\u0148ujeme povinnou publicitu projektu PRV &#8211; Modernizace mechanizace do vinice.<\/p>\n\n\n\n<p class=\"wp-block-paragraph\">\u010c\u00edslo projektu: 23\/001\/3373h\/500\/003748<\/p>\n\n\n\n<p class=\"wp-block-paragraph\">V r\u00e1mci projektu byl po\u0159\u00edzen traktor jako ta\u017en\u00fd prost\u0159edek a nosi\u010d n\u00e1\u0159ad\u00ed pro agregaci se stroji pou\u017e\u00edvan\u00fdmi pro r\u016fzn\u00e9 druhy prac\u00ed ve vinici.<\/p>\n\n\n\n<figure class=\"wp-block-image size-large\"><img loading=\"lazy\" decoding=\"async\" width=\"1024\" height=\"724\" src=\"https:\/\/bonagro.eu\/wp-content\/uploads\/2026\/08\/publicita-BONAGRO-plakat-VINOHRADY-1024x724.jpg\" alt=\"\" class=\"wp-image-1796\" srcset=\"https:\/\/bonagro.eu\/wp-content\/uploads\/2026\/08\/publicita-BONAGRO-plakat-VINOHRADY-1024x724.jpg 1024w, https:\/\/bonagro.eu\/wp-content\/uploads\/2026\/08\/publicita-BONAGRO-plakat-VINOHRADY-300x212.jpg 300w, https:\/\/bonagro.eu\/wp-content\/uploads\/2026\/08\/publicita-BONAGRO-plakat-VINOHRADY-768x543.jpg 768w, https:\/\/bonagro.eu\/wp-content\/uploads\/2026\/08\/publicita-BONAGRO-plakat-VINOHRADY-1536x1086.jpg 1536w, https:\/\/bonagro.eu\/wp-content\/uploads\/2026\/08\/publicita-BONAGRO-plakat-VINOHRADY-2048x1448.jpg 2048w\" sizes=\"auto, (max-width: 1024px) 100vw, 1024px\" \/><\/figure>\n","protected":false},"excerpt":{"rendered":"<p>Zve\u0159ej\u0148ujeme povinnou publicitu projektu PRV &#8211; Modernizace mechanizace do vinice. \u010c\u00edslo projektu: 23\/001\/3373h\/500\/003748 V r\u00e1mci projektu byl po\u0159\u00edzen traktor jako ta\u017en\u00fd prost\u0159edek a nosi\u010d n\u00e1\u0159ad\u00ed pro agregaci se stroji pou\u017e\u00edvan\u00fdmi pro r\u016fzn\u00e9 druhy prac\u00ed ve vinici.<\/p>\n","protected":false},"author":1,"featured_media":0,"comment_status":"closed","ping_status":"","sticky":false,"template":"","format":"standard","meta":{"footnotes":""},"categories":[1],"tags":[],"class_list":["post-1795","post","type-post","status-publish","format-standard","hentry","category-nezarazene"],"_links":{"self":[{"href":"https:\/\/bonagro.eu\/index.php\/wp-json\/wp\/v2\/posts\/1795","targetHints":{"allow":["GET"]}}],"collection":[{"href":"https:\/\/bonagro.eu\/index.php\/wp-json\/wp\/v2\/posts"}],"about":[{"href":"https:\/\/bonagro.eu\/index.php\/wp-json\/wp\/v2\/types\/post"}],"author":[{"embeddable":true,"href":"https:\/\/bonagro.eu\/index.php\/wp-json\/wp\/v2\/users\/1"}],"replies":[{"embeddable":true,"href":"https:\/\/bonagro.eu\/index.php\/wp-json\/wp\/v2\/comments?post=1795"}],"version-history":[{"count":1,"href":"https:\/\/bonagro.eu\/index.php\/wp-json\/wp\/v2\/posts\/1795\/revisions"}],"predecessor-version":[{"id":1797,"href":"https:\/\/bonagro.eu\/index.php\/wp-json\/wp\/v2\/posts\/1795\/revisions\/1797"}],"wp:attachment":[{"href":"https:\/\/bonagro.eu\/index.php\/wp-json\/wp\/v2\/media?parent=1795"}],"wp:term":[{"taxonomy":"category","embeddable":true,"href":"https:\/\/bonagro.eu\/index.php\/wp-json\/wp\/v2\/categories?post=1795"},{"taxonomy":"post_tag","embeddable":true,"href":"https:\/\/bonagro.eu\/index.php\/wp-json\/wp\/v2\/tags?post=1795"}],"curies":[{"name":"wp","href":"https:\/\/api.w.org\/{rel}","templated":true}]}}